{"id":66,"date":"2008-05-26T07:00:47","date_gmt":"2008-05-26T06:00:47","guid":{"rendered":"http:\/\/www.ar2com.de\/radiofavela-blog\/?p=66"},"modified":"2010-07-23T15:16:38","modified_gmt":"2010-07-23T14:16:38","slug":"urban-landscape","status":"publish","type":"post","link":"https:\/\/www.ar2com.de\/radiofavela-blog\/urban-landscape\/","title":{"rendered":"Urban Landscape &#8216;Megalopolis&#8217;"},"content":{"rendered":"<p>Last week I had my view on favela. <small>If you dropped by, please regard that this sequence started with <a href=\"http:\/\/www.blog.ar2com.de\/favela\">favela<\/a>. If you are lost, start again with the beginning called <a href=\"http:\/\/www.blog.ar2com.de\/favela\">favela<\/a>.<\/small> Today it&#8217;s the Megalopolis. Below you see the diagram (added as cover for feed-subscribers).<\/p>\n<p><a href=\"http:\/\/ar2com.de\/radiofavela\/html_en\/03\/01_theo\/02_favs.php\" target=\"_new\" title=\"animated diagram and table\"><img loading=\"lazy\" decoding=\"async\" src=\"http:\/\/ar2com.de\/radiofavela\/img\/03\/01_theo\/favelas_01.jpg\" alt=\"megalopolis\" height=\"300\" width=\"300\" class='centered' \/><\/a><br \/>\n[display_podcast]<br \/>\nAuf <img decoding=\"async\" src=\"http:\/\/www.ar2com.de\/_img\/flag_de.jpg\" alt=\"deutsch\" \/> k\u00f6nnt Ihr <a href=\"http:\/\/ar2com.de\/radiofavela\/html_de\/03\/01_theo\/02_favs.php\" target=\"_new\">Stadtgef\u00fcge Megalopolis hier<\/a> nachlesen.<small><br \/>\n<small>External Links:<br \/>\n&#8211; <a href=\"http:\/\/lap.sagepub.com\/cgi\/content\/abstract\/33\/4\/49\" target=\"_new\" title=\"abstract_The Politics of Race and Urban Space in Rio de Janeiro\">When a Favela Dared to Become a Gated Condominium<\/a> is a publication by Jo\u00e3o H. Costa Vargas, Department of Anthropology at the University of Texas. You can download the <a href=\"http:\/\/lap.sagepub.com\/cgi\/reprint\/33\/4\/49\" target=\"_new\" title=\"PDF_The Politics of Race and Urban Space in Rio de Janeiro\">whole PDF of 34 pages<\/a>, too.<br \/>\n&#8211; <a href=\"http:\/\/www1.folha.uol.com.br\/folha\/publifolha\/ult10037u342854.shtml\" target=\"_new\" title=\"in Portuguese\">Lendo M\u00fasica<\/a> is a book on the public rehearsals from Samba to Carioca Funk.<br \/>\n&#8211; <a href=\"http:\/\/www.reporterbrasil.org.br\/exibe.php?id=593\" target=\"_new\" title=\"in Portuguese\">Favela protesta em lan\u00e7amento de condom\u00ednio bilion\u00e1rio<\/a>, protest by favelados with some fotos.<br \/>\n&#8211; <a href=\"http:\/\/bruno-psycho.blogspot.com\/2006\/05\/favela-x-condomnio.html\" target=\"_new\" title=\"in Portuguese\">Favela x Condom\u00ednio<\/a> Where do people prefer to live?<br \/>\n&#8211; <a href=\"http:\/\/www.vazio.com.br\/ensaios\/favelasecondominios.htm\" target=\"_new\" title=\"in Portuguese\">About 3 Enclaves: Favela, Condominio, Shopping<\/a>, a philosophical text by architect Carlos M. Teixeira.<br \/>\n<\/small><\/small><\/small><\/p>\n","protected":false},"excerpt":{"rendered":"<p>How do enclaves like favelas (slums) and condominios fechados (gated communities) in a megacity interact?<\/p>\n","protected":false},"author":1,"featured_media":0,"comment_status":"open","ping_status":"open","sticky":false,"template":"","format":"standard","meta":{"footnotes":""},"categories":[5],"tags":[276,52,298,295,297,299,53,130,296],"class_list":["post-66","post","type-post","status-publish","format-standard","hentry","category-rio-subsumable","tag-auf-deutsch","tag-communication","tag-condominio","tag-diagram","tag-enclave","tag-luiz-paulo-conde","tag-megalopolis","tag-radioproductioncentre","tag-thomas-zeller"],"_links":{"self":[{"href":"https:\/\/www.ar2com.de\/radiofavela-blog\/wp-json\/wp\/v2\/posts\/66","targetHints":{"allow":["GET"]}}],"collection":[{"href":"https:\/\/www.ar2com.de\/radiofavela-blog\/wp-json\/wp\/v2\/posts"}],"about":[{"href":"https:\/\/www.ar2com.de\/radiofavela-blog\/wp-json\/wp\/v2\/types\/post"}],"author":[{"embeddable":true,"href":"https:\/\/www.ar2com.de\/radiofavela-blog\/wp-json\/wp\/v2\/users\/1"}],"replies":[{"embeddable":true,"href":"https:\/\/www.ar2com.de\/radiofavela-blog\/wp-json\/wp\/v2\/comments?post=66"}],"version-history":[{"count":1,"href":"https:\/\/www.ar2com.de\/radiofavela-blog\/wp-json\/wp\/v2\/posts\/66\/revisions"}],"predecessor-version":[{"id":1055,"href":"https:\/\/www.ar2com.de\/radiofavela-blog\/wp-json\/wp\/v2\/posts\/66\/revisions\/1055"}],"wp:attachment":[{"href":"https:\/\/www.ar2com.de\/radiofavela-blog\/wp-json\/wp\/v2\/media?parent=66"}],"wp:term":[{"taxonomy":"category","embeddable":true,"href":"https:\/\/www.ar2com.de\/radiofavela-blog\/wp-json\/wp\/v2\/categories?post=66"},{"taxonomy":"post_tag","embeddable":true,"href":"https:\/\/www.ar2com.de\/radiofavela-blog\/wp-json\/wp\/v2\/tags?post=66"}],"curies":[{"name":"wp","href":"https:\/\/api.w.org\/{rel}","templated":true}]}}